{"id":21,"date":"2020-08-08T21:32:32","date_gmt":"2020-08-08T21:32:32","guid":{"rendered":"https:\/\/incendio.pt\/security\/?p=21"},"modified":"2021-05-28T08:26:01","modified_gmt":"2021-05-28T08:26:01","slug":"videovigilancia-geral","status":"publish","type":"post","link":"https:\/\/incendio.pt\/security\/videovigilancia-geral\/","title":{"rendered":"VIDEOVIGIL\u00c2NCIA GERAL"},"content":{"rendered":"\n<h2>SISTEMA DE VIDEOVIL\u00c2NCIA<\/h2>\n\n\n\n<h5> (VSS &#8211; Video Survillance System)<\/h5>\n\n\n\n<h2>Art. 115 da Lei n\u00ba 46\/2019 (altera a lei n\u00ba34\/2013)<\/h2>\n\n\n\n<p>Tal como os sistemas de alarme de intrus\u00e3o, os sistemas de videovigil\u00e2ncia tamb\u00e9m s\u00e3o obrigat\u00f3rios em <strong>Bancos, Ourivesarias, Lojas de Ouro, Bombas de Gasolina, farm\u00e1cias, bares e discotecas, ferro-velho, recintos desportivos<\/strong>, entre outros.<\/p>\n\n\n\n<p>\u00c9 obrigat\u00f3ria a coloca\u00e7\u00e3o de sinal\u00e9tica pr\u00f3pria no estabelecimento, a indicar a exist\u00eancia de um sistema de videovigil\u00e2ncia.<\/p>\n\n\n\n<p class=\"has-text-align-center\"><strong>A simbologia gr\u00e1fica est\u00e1 referenciada no Anexo VIII da Portaria 273\/2013<\/strong><\/p>\n\n\n\n<p>A sinal\u00e9tica tem de ter o seguinte formato e descri\u00e7\u00e3o: <\/p>\n\n\n\n<div class=\"wp-block-image\"><figure class=\"aligncenter size-large is-resized\"><img loading=\"lazy\" src=\"https:\/\/incendio.pt\/security\/wp-content\/uploads\/2020\/08\/sinalvideovigilancia.jpg\" alt=\"\" class=\"wp-image-171\" width=\"204\" height=\"235\" srcset=\"https:\/\/incendio.pt\/security\/wp-content\/uploads\/2020\/08\/sinalvideovigilancia.jpg 561w, https:\/\/incendio.pt\/security\/wp-content\/uploads\/2020\/08\/sinalvideovigilancia-259x300.jpg 259w\" sizes=\"(max-width: 204px) 100vw, 204px\" \/><\/figure><\/div>\n\n\n\n<p class=\"has-text-align-center\">Sinal em forma de tri\u00e2ngulo equil\u00e1tero, em fundo de<br>cor amarela com orla interior em cor preta, ao centro,<br>s\u00edmbolo representando o pictograma de uma c\u00e2mara de<br>videovigil\u00e2ncia em cor preta.<\/p>\n\n\n\n<p class=\"has-text-align-center\">Com as  seguintes men\u00e7\u00f5es \u00abPara sua prote\u00e7\u00e3o, este local \u00e9 objeto de videovigil\u00e2ncia\u00bb; A entidade de seguran\u00e7a privada autorizada a operar o sistema, pela men\u00e7\u00e3o do nome e alvar\u00e1 ou licen\u00e7a; O respons\u00e1vel pelo tratamento dos dados recolhidos perante quem os direitos de acesso e retifica\u00e7\u00e3o podem ser exercidos<\/p>\n\n\n\n<p>J\u00e1 n\u00e3o \u00e9 necess\u00e1rio realizar nenhuma notifica\u00e7\u00e3o ou comunica\u00e7\u00e3o \u00e0 CNPD.<\/p>\n\n\n\n<p>De acordo com o RGPD, \u00e9 o respons\u00e1vel pelo tratamento que deve analisar previamente se o tratamento de dados pessoais, decorrente da utiliza\u00e7\u00e3o de um sistema de videovigil\u00e2ncia, cumpre os requisitos do RGPD e de outra legisla\u00e7\u00e3o nacional que seja aplic\u00e1vel.<\/p>\n\n\n\n<div class=\"wp-container-1 wp-block-group\"><div class=\"wp-block-group__inner-container\">\n<p>As c\u00e2maras <strong>n\u00e3o dever\u00e3o abranger<\/strong>, <\/p>\n\n\n\n<ul><li>\u00c1reas de espera em consult\u00f3rios, <\/li><\/ul>\n\n\n\n<ul><li>\u00c1reas de descanso ou lazer do pessoal, <\/li><\/ul>\n\n\n\n<ul><li>Interior de elevadores, <\/li><\/ul>\n\n\n\n<ul><li>Salas de aula e refei\u00e7\u00f5es, <\/li><\/ul>\n\n\n\n<ul><li>Esplanadas, <\/li><\/ul>\n\n\n\n<ul><li>Vesti\u00e1rios, <\/li><\/ul>\n\n\n\n<ul><li>Interior e acessos a casas de banho, <\/li><\/ul>\n\n\n\n<ul><li>Interior de piscina ou gin\u00e1sio. <\/li><\/ul>\n\n\n\n<ul><li>Digita\u00e7\u00e3o de c\u00f3digos de seguran\u00e7a em terminais de pagamento<\/li><\/ul>\n\n\n\n<ul><li>Via p\u00fablica<\/li><\/ul>\n\n\n\n<ul><li>Propriedade de terceiros<\/li><\/ul>\n\n\n\n<p><strong>As c\u00e2maras (exceto raras exce\u00e7\u00f5es) n\u00e3o podem captar som.<\/strong><\/p>\n<\/div><\/div>\n\n\n\n<hr class=\"wp-block-separator\"\/>\n\n\n\n<h2><em>TEMPO DE GRAVA\u00c7\u00c3O E LOCAIS OBRIGAT\u00d3RI<\/em>OS<\/h2>\n\n\n\n<figure class=\"wp-block-table\"><table><tbody><tr><td class=\"has-text-align-center\" data-align=\"center\"><strong>Locais<\/strong><\/td><td class=\"has-text-align-center\" data-align=\"center\"><strong>Videovigil\u00e2ncia<\/strong><\/td><td><strong>Descri\u00e7\u00e3o<\/strong><\/td><\/tr><tr><td class=\"has-text-align-center\" data-align=\"center\"><strong>Empresas de centrais de seguran\u00e7a e instala\u00e7\u00f5es operacionais<\/strong><strong><\/strong><\/td><td class=\"has-text-align-center\" data-align=\"center\">Obrigat\u00f3rio (30 dias)<\/td><td>Ver pagina <a href=\"https:\/\/incendio.pt\/security\/requisitos-minimos-legais\/\">Requisitos<\/a><br><a href=\"https:\/\/incendio.pt\/security\/requisitos-minimos-legais\/\"> M\u00ednimos Legais<\/a><\/td><\/tr><tr><td class=\"has-text-align-center\" data-align=\"center\"><strong>Institui\u00e7\u00f5es de cr\u00e9dito e<br>sociedades financeiras<\/strong><\/td><td class=\"has-text-align-center\" data-align=\"center\">Obrigat\u00f3rio (30 dias)<\/td><td>Permitir a identifica\u00e7\u00e3o de  pessoas e garantir a cobertura zonas de atendimento ao <br>p\u00fablico, de dep\u00f3sito e guarda  de valores, e de cofres,  dispensadores de dinheiro ou<br> caixas autom\u00e1ticas<\/td><\/tr><tr><td class=\"has-text-align-center\" data-align=\"center\"><strong>Conjuntos comerciais e grandes superf\u00edcies de com\u00e9rcio<\/strong><\/td><td class=\"has-text-align-center\" data-align=\"center\">Obrigat\u00f3rio<br>(30 dias)<\/td><td>Permitir a identifica\u00e7\u00e3o de pessoas e garantir a cobertura  zonas de atendimento ao <br>p\u00fablico, de dep\u00f3sito e guarda  de valores, e  de cofres, dispensadores de dinheiro ou <br>caixas autom\u00e1ticas<\/td><\/tr><tr><td class=\"has-text-align-center\" data-align=\"center\"><strong>Joalharia, ourivesarias, galerias arte (&gt;15.000\u20ac)<\/strong><\/td><td class=\"has-text-align-center\" data-align=\"center\">Obrigat\u00f3rio<br>(30 dias)<\/td><td>sem requisitos espec\u00edficos<\/td><\/tr><tr><td class=\"has-text-align-center\" data-align=\"center\"><strong>Farm\u00e1cias e postos de<br>abastecimento de combust\u00edvel<\/strong><\/td><td class=\"has-text-align-center\" data-align=\"center\">Obrigat\u00f3rio<br>(30 dias)<\/td><td>sem requisitos espec\u00edficos<\/td><\/tr><tr><td class=\"has-text-align-center\" data-align=\"center\"><strong>Bares e discotecas &gt; 100 lugares<\/strong><\/td><td class=\"has-text-align-center\" data-align=\"center\">Obrigat\u00f3rio (30 dias)<\/td><td>Identifica\u00e7\u00e3o de pessoas nos <br>locais de entrada e sa\u00edda das<br> instala\u00e7\u00f5es e o controlo de <br>toda a \u00e1rea destinada a clientes, deste a abertura at\u00e9 ao fecho do estabelecimento.<br>Cumprir com os <a href=\"https:\/\/incendio.pt\/security\/requisitos-minimos-legais\/\">Requisitos<\/a><br><a href=\"https:\/\/incendio.pt\/security\/requisitos-minimos-legais\/\">M\u00ednimos Legais<\/a><\/td><\/tr><tr><td class=\"has-text-align-center\" data-align=\"center\"><strong>Recintos desportivos onde se realizem espet\u00e1culos desportivos<\/strong><\/td><td class=\"has-text-align-center\" data-align=\"center\">Obrigat\u00f3rio <br>(60 dias c\/som)<\/td><td>Grava\u00e7\u00e3o de imagens e som: obrigat\u00f3ria desde a abertura <br>at\u00e9 ao encerramento. Sinal\u00e9tica deve estar traduzido em pelo menos uma l\u00edngua<br>estrangeira<\/td><\/tr><tr><td class=\"has-text-align-center\" data-align=\"center\"><strong>Armazenamento, tratamento ou valoriza\u00e7\u00e3o de metais n\u00e3o preciosos<\/strong><\/td><td class=\"has-text-align-center\" data-align=\"center\">Obrigat\u00f3rio<br>(90 dias)<\/td><td>Controlo efetivo de entradas e sa\u00eddas nas instala\u00e7\u00f5es<\/td><\/tr><tr><td class=\"has-text-align-center\" data-align=\"center\"><strong>Outros Locais (Exceto Habita\u00e7\u00e3o)<\/strong><\/td><td class=\"has-text-align-center\" data-align=\"center\">N\u00e3o obrigat\u00f3rio (30 dias)<\/td><td>sem requisitos espec\u00edficos<\/td><\/tr><\/tbody><\/table><\/figure>\n\n\n\n<p class=\"has-text-align-center\">A Lei 46\/2019, artigo 31\u00ba,  veio dar a possibilidade de mais 48 horas depois dos 30 dias para a destrui\u00e7\u00e3o das grava\u00e7\u00f5es.<\/p>\n","protected":false},"excerpt":{"rendered":"<p>SISTEMA DE VIDEOVIL\u00c2NCIA (VSS &#8211; Video Survillance System) Art. 115 da Lei n\u00ba 46\/2019 (altera a lei n\u00ba34\/2013) Tal como os sistemas de alarme de intrus\u00e3o, os sistemas de videovigil\u00e2ncia tamb\u00e9m s\u00e3o obrigat\u00f3rios em Bancos, Ourivesarias, Lojas de Ouro, Bombas de Gasolina, farm\u00e1cias, bares e discotecas, ferro-velho, recintos desportivos, entre outros. \u00c9 obrigat\u00f3ria a coloca\u00e7\u00e3o &hellip; <a href=\"https:\/\/incendio.pt\/security\/videovigilancia-geral\/\" class=\"more-link\">Continuar a ler<span class=\"screen-reader-text\">VIDEOVIGIL\u00c2NCIA GERAL<\/span> <span class=\"meta-nav\">&rarr;<\/span><\/a><\/p>\n","protected":false},"author":1,"featured_media":0,"comment_status":"closed","ping_status":"open","sticky":false,"template":"","format":"standard","meta":[],"categories":[1],"tags":[],"_links":{"self":[{"href":"https:\/\/incendio.pt\/security\/wp-json\/wp\/v2\/posts\/21"}],"collection":[{"href":"https:\/\/incendio.pt\/security\/wp-json\/wp\/v2\/posts"}],"about":[{"href":"https:\/\/incendio.pt\/security\/wp-json\/wp\/v2\/types\/post"}],"author":[{"embeddable":true,"href":"https:\/\/incendio.pt\/security\/wp-json\/wp\/v2\/users\/1"}],"replies":[{"embeddable":true,"href":"https:\/\/incendio.pt\/security\/wp-json\/wp\/v2\/comments?post=21"}],"version-history":[{"count":15,"href":"https:\/\/incendio.pt\/security\/wp-json\/wp\/v2\/posts\/21\/revisions"}],"predecessor-version":[{"id":356,"href":"https:\/\/incendio.pt\/security\/wp-json\/wp\/v2\/posts\/21\/revisions\/356"}],"wp:attachment":[{"href":"https:\/\/incendio.pt\/security\/wp-json\/wp\/v2\/media?parent=21"}],"wp:term":[{"taxonomy":"category","embeddable":true,"href":"https:\/\/incendio.pt\/security\/wp-json\/wp\/v2\/categories?post=21"},{"taxonomy":"post_tag","embeddable":true,"href":"https:\/\/incendio.pt\/security\/wp-json\/wp\/v2\/tags?post=21"}],"curies":[{"name":"wp","href":"https:\/\/api.w.org\/{rel}","templated":true}]}}