{"id":188,"date":"2020-09-20T11:42:27","date_gmt":"2020-09-20T11:42:27","guid":{"rendered":"https:\/\/incendio.pt\/security\/?p=188"},"modified":"2020-09-20T11:42:27","modified_gmt":"2020-09-20T11:42:27","slug":"camaras-termicas","status":"publish","type":"post","link":"https:\/\/incendio.pt\/security\/camaras-termicas\/","title":{"rendered":"C\u00e2maras T\u00e9rmicas"},"content":{"rendered":"\n<p>C\u00e2maras t\u00e9rmicas para a dete\u00e7\u00e3o de febre.<\/p>\n\n\n\n<p>Este tipo de equipamento n\u00e3o t\u00eam qualquer legisla\u00e7\u00e3o associada,<br>A principal utiliza\u00e7\u00e3o deste equipamento \u00e9 tentar medir a temperatura corporal  de pessoas e dar um alerta \/ alarme em caso de temperatura elevada (normalmente superior a 38\u00ba)<\/p>\n\n\n\n<h2>Instala\u00e7\u00e3o<\/h2>\n\n\n\n<p id=\"tw-target-text\">&#8211; Utiliza\u00e7\u00e3o Exclusiva em <strong>Interiores <\/strong><\/p>\n\n\n\n<p id=\"tw-target-text\">&#8211; A <strong>altura da c\u00e2mara<\/strong> depende muito da resolu\u00e7\u00e3o e do comprimento focal. (Exemplo meramente informativo). Uma lente normal de 6 mm com 160&#215;120 res. deve ser instalado a 1,5m de altura para medir uma face completa entre 1,5 e 3 metros de dist\u00e2ncia <\/p>\n\n\n\n<p id=\"tw-target-text\">&#8211; Deve ser <strong>criado um corredor com apenas uma dire\u00e7\u00e3o<\/strong> para a c\u00e2mara conseguir captar os rostos das pessoas. A largura do corredor dever\u00e1 ter em conta o angulo de abertura da c\u00e2mara e a capacidade da c\u00e2mara em verificar diversas temperaturas de diferentes pessoas em simult\u00e2neo.<\/p>\n\n\n\n<p id=\"tw-target-text\">&#8211; A c\u00e2mara deve ser posicionada com um <strong>\u00e2ngulo <\/strong>de cerca de 30\u00ba do corredor de forma a conseguir visualizar todos os rostos (depende tamb\u00e9m da altura da instala\u00e7\u00e3o, largura do corredor e abertura)<\/p>\n\n\n\n<p id=\"tw-target-text\">&#8211; A <strong>temperatura do recinto interior<\/strong> onde a medi\u00e7\u00e3o vai ser realizada deve ser constante e as pessoas que vierem  de um ambiente externo com temperatura diferente devem ter tempo para se ajustar \u00e0 temperatura interior. (<strong>aproximadamente 5 minutos<\/strong> para a temperatura corporal estabilizar.) <\/p>\n\n\n\n<p id=\"tw-target-text\">&#8211; O <strong>campo de vis\u00e3o<\/strong> da c\u00e2mara n\u00e3o deve apanhar luz solar direta ou indireta, como superf\u00edcies reflexivas. A c\u00e2mara tamb\u00e9m n\u00e3o deve apontar para equipamentos de alta temperatura, como aquecedores, l\u00e2mpadas de alta pot\u00eancia, cafeterias com equipamentos de alta temperatura, como m\u00e1quinas de caf\u00e9, micro-ondas, lava-lou\u00e7as, etc. <\/p>\n\n\n\n<p id=\"tw-target-text\">&#8211; Evitar <strong>ambiente est\u00e1veis<\/strong>, com luz insuficiente ou cen\u00e1rios com alto contraste. <\/p>\n\n\n\n<p id=\"tw-target-text\">&#8211; <strong>Instala\u00e7\u00e3o firme<\/strong>. A c\u00e2mara n\u00e3o pode tremer. Se for necess\u00e1rio colocar um trip\u00e9, verifique se n\u00e3o h\u00e1 qualquer vibra\u00e7\u00e3o. <\/p>\n\n\n\n<p id=\"tw-target-text\">&#8211; Use um dispositivo pr\u00f3prio de calibra\u00e7\u00e3o &#8220;<strong>Blackbody<\/strong>&#8221; . Este dispositivo pode aumentar a confiabilidade da medida (tipicamente aumenta o n\u00edvel de fiabilidade de 0,5\u00ba para 0,3\u00ba) ao fornecer uma temperatura constante como ponto de refer\u00eancia. Normalmente este equipamento  deve ser instalado a 1,7m de altura com um \u00e2ngulo de 15\u00ba e deve aparecer em um dos cantos superiores da imagem captada pela c\u00e2mara.<\/p>\n\n\n\n<p><\/p>\n\n\n\n<h2>Outras condicionantes<\/h2>\n\n\n\n<p>&#8211; Deve-se ter o cuidado de verificar que as pessoas que passam pela medi\u00e7\u00e3o n\u00e3o est\u00e3o a usar chap\u00e9u, viseiras, \u00f3culos ou qualquer outro acess\u00f3rio que possa limitar a capta\u00e7\u00e3o da temperatura corporal. At\u00e9 mesmo cabelo muito comprido pode dificultar bastante a leitura da temperatura.<\/p>\n\n\n\n<p><strong>Ter sempre em mente que estes equipamentos n\u00e3o s\u00e3o equipamentos m\u00e9dicos, s\u00e3o equipamentos simplesmente de r\u00e1pida leitura onde existe um grande fluxo de pessoas. Sempre que houver uma situa\u00e7\u00e3o de alarme por verifica\u00e7\u00e3o de temperatura alta a mesma, obrigatoriamente, tem de ser confirmada com um aparelho m\u00e9dico certificado (vulgarmente por um term\u00f3metro digital).<\/strong><\/p>\n","protected":false},"excerpt":{"rendered":"<p>C\u00e2maras t\u00e9rmicas para a dete\u00e7\u00e3o de febre. Este tipo de equipamento n\u00e3o t\u00eam qualquer legisla\u00e7\u00e3o associada,A principal utiliza\u00e7\u00e3o deste equipamento \u00e9 tentar medir a temperatura corporal de pessoas e dar um alerta \/ alarme em caso de temperatura elevada (normalmente superior a 38\u00ba) Instala\u00e7\u00e3o &#8211; Utiliza\u00e7\u00e3o Exclusiva em Interiores &#8211; A altura da c\u00e2mara depende &hellip; <a href=\"https:\/\/incendio.pt\/security\/camaras-termicas\/\" class=\"more-link\">Continuar a ler<span class=\"screen-reader-text\">C\u00e2maras T\u00e9rmicas<\/span> <span class=\"meta-nav\">&rarr;<\/span><\/a><\/p>\n","protected":false},"author":1,"featured_media":0,"comment_status":"closed","ping_status":"open","sticky":false,"template":"","format":"standard","meta":[],"categories":[1],"tags":[],"_links":{"self":[{"href":"https:\/\/incendio.pt\/security\/wp-json\/wp\/v2\/posts\/188"}],"collection":[{"href":"https:\/\/incendio.pt\/security\/wp-json\/wp\/v2\/posts"}],"about":[{"href":"https:\/\/incendio.pt\/security\/wp-json\/wp\/v2\/types\/post"}],"author":[{"embeddable":true,"href":"https:\/\/incendio.pt\/security\/wp-json\/wp\/v2\/users\/1"}],"replies":[{"embeddable":true,"href":"https:\/\/incendio.pt\/security\/wp-json\/wp\/v2\/comments?post=188"}],"version-history":[{"count":1,"href":"https:\/\/incendio.pt\/security\/wp-json\/wp\/v2\/posts\/188\/revisions"}],"predecessor-version":[{"id":189,"href":"https:\/\/incendio.pt\/security\/wp-json\/wp\/v2\/posts\/188\/revisions\/189"}],"wp:attachment":[{"href":"https:\/\/incendio.pt\/security\/wp-json\/wp\/v2\/media?parent=188"}],"wp:term":[{"taxonomy":"category","embeddable":true,"href":"https:\/\/incendio.pt\/security\/wp-json\/wp\/v2\/categories?post=188"},{"taxonomy":"post_tag","embeddable":true,"href":"https:\/\/incendio.pt\/security\/wp-json\/wp\/v2\/tags?post=188"}],"curies":[{"name":"wp","href":"https:\/\/api.w.org\/{rel}","templated":true}]}}